{"id":280498,"date":"2026-03-23T13:04:47","date_gmt":"2026-03-23T12:04:47","guid":{"rendered":"https:\/\/harmoniayduende.com\/?p=280498"},"modified":"2026-03-23T13:04:47","modified_gmt":"2026-03-23T12:04:47","slug":"de-beethoven-a-leternite-iii-le-chant-de-linfini","status":"publish","type":"post","link":"https:\/\/harmoniayduende.com\/fr\/de-beethoven-a-leternite-iii-le-chant-de-linfini\/","title":{"rendered":"De Beethoven \u00e0 l\u2019\u00c9ternit\u00e9 III \u2013 Le Chant de l\u2019Infini"},"content":{"rendered":"<p>Apr\u00e8s deux r\u00e9citals salu\u00e9s par le public de la Salle Cortot, la Fondation Harmonia &amp; Duende conclut la trilogie <strong>De Beethoven \u00e0 l\u2019\u00c9ternit\u00e9<\/strong> avec un troisi\u00e8me volet qui en constitue l\u2019aboutissement spirituel et musical.<\/p>\n<p>Interpr\u00e9t\u00e9 par le grand pianiste <strong>Fr\u00e9d\u00e9ric Vaysse-Knitter<\/strong>, ce programme explore les territoires les plus profonds de l\u2019\u00e2me humaine : la solitude, la temp\u00eate int\u00e9rieure, la m\u00e9moire et la transcendance. De Beethoven \u00e0 Debussy, de Liszt \u00e0 Szymanowski, jusqu\u2019\u00e0 la cr\u00e9ation contemporaine de David Chaillou, les \u0153uvres choisies composent un v\u00e9ritable parcours initiatique o\u00f9 le piano devient tour \u00e0 tour voix int\u00e9rieure, souffle des \u00e9l\u00e9ments et \u00e9lan vers l\u2019infini.<\/p>\n<p>Dans <strong>Des pas sur la neige<\/strong>, Debussy esquisse une m\u00e9ditation presque suspendue, un paysage sonore o\u00f9 chaque note semble r\u00e9sonner dans le silence d\u2019un monde immobile. \u00c0 l\u2019oppos\u00e9, <strong>Ce qu\u2019a vu le vent d\u2019Ouest<\/strong> lib\u00e8re une \u00e9nergie fulgurante : une temp\u00eate pianistique d\u2019une puissance visionnaire.<\/p>\n<p>Avec <strong>Fun\u00e9railles<\/strong>, Franz Liszt livre l\u2019une des pages les plus poignantes du romantisme : un hommage h\u00e9ro\u00efque et tragique o\u00f9 la grandeur du geste musical se m\u00eale \u00e0 la douleur et \u00e0 la m\u00e9moire.<\/p>\n<p>Les <strong>Pr\u00e9ludes de Szymanowski<\/strong>, myst\u00e9rieux et raffin\u00e9s, ouvrent quant \u00e0 eux une fen\u00eatre vers l\u2019univers po\u00e9tique et sensuel du d\u00e9but du XX\u1d49 si\u00e8cle, o\u00f9 les harmonies semblent flotter entre r\u00eave et r\u00e9alit\u00e9.<\/p>\n<p>Le programme accueille \u00e9galement <strong>Portrait Fant\u00f4me, <\/strong>\u00a0de <strong>David Chaillou <\/strong>qui a \u00e9crit cette pi\u00e8ce sp\u00e9cialement pour Fr\u00e9d\u00e9ric Vaysse-Knitter, \u0153uvre contemporaine d\u2019une grande intensit\u00e9 \u00e9vocatrice, o\u00f9 le piano devient espace de r\u00e9sonance du souvenir et de l\u2019imaginaire.<\/p>\n<p>Enfin, ce voyage trouve son accomplissement dans la monumentale <strong>Sonate n\u00b032 en ut mineur op.111 de Ludwig van Beethoven<\/strong>, ultime sonate du compositeur et sommet absolu de la litt\u00e9rature pianistique. Dans cette \u0153uvre visionnaire, Beethoven d\u00e9passe les formes traditionnelles pour ouvrir un horizon spirituel in\u00e9dit : apr\u00e8s la lutte et la gravit\u00e9 du premier mouvement, l\u2019Arietta finale semble suspendre le temps et conduire l\u2019auditeur vers une dimension presque m\u00e9taphysique de la musique.<\/p>\n<p>Avec ce dernier volet, <strong>De Beethoven \u00e0 l\u2019\u00c9ternit\u00e9<\/strong> se conclut comme un chemin vers l\u2019absolu, o\u00f9 la musique devient une exp\u00e9rience \u00e0 la fois int\u00e9rieure, sensorielle et spirituelle.<\/p>\n","protected":false},"excerpt":{"rendered":"<p>Apr\u00e8s deux r\u00e9citals salu\u00e9s par le public de la Salle Cortot, la Fondation Harmonia &amp; Duende conclut la trilogie De Beethoven \u00e0 l\u2019\u00c9ternit\u00e9 avec un troisi\u00e8me volet qui en constitue l\u2019aboutissement spirituel et musical. Interpr\u00e9t\u00e9 par le grand pianiste Fr\u00e9d\u00e9ric Vaysse-Knitter, ce programme explore les territoires les plus profonds de l\u2019\u00e2me humaine : la solitude, [&hellip;]<\/p>\n","protected":false},"author":2,"featured_media":280499,"comment_status":"closed","ping_status":"closed","sticky":false,"template":"","format":"standard","meta":{"_acf_changed":false,"_et_pb_use_builder":"","_et_pb_old_content":"","_et_gb_content_width":"","footnotes":""},"categories":[55],"tags":[],"class_list":["post-280498","post","type-post","status-publish","format-standard","has-post-thumbnail","hentry","category-non-classifiee"],"acf":[],"yoast_head":"<!-- This site is optimized with the Yoast SEO Premium plugin v24.9 (Yoast SEO v24.9) - https:\/\/yoast.com\/wordpress\/plugins\/seo\/ -->\n<title>De Beethoven \u00e0 l\u2019\u00c9ternit\u00e9 III \u2013 Le Chant de l\u2019Infini | Harmon\u00eda y Duende<\/title>\n<meta name=\"robots\" content=\"index, follow, max-snippet:-1, max-image-preview:large, max-video-preview:-1\" \/>\n<link rel=\"canonical\" href=\"https:\/\/harmoniayduende.com\/fr\/de-beethoven-a-leternite-iii-le-chant-de-linfini\/\" \/>\n<meta property=\"og:locale\" content=\"fr_FR\" \/>\n<meta property=\"og:type\" content=\"article\" \/>\n<meta property=\"og:title\" content=\"De Beethoven \u00e0 l\u2019\u00c9ternit\u00e9 III \u2013 Le Chant de l\u2019Infini\" \/>\n<meta property=\"og:description\" content=\"Apr\u00e8s deux r\u00e9citals salu\u00e9s par le public de la Salle Cortot, la Fondation Harmonia &amp; Duende conclut la trilogie De Beethoven \u00e0 l\u2019\u00c9ternit\u00e9 avec un troisi\u00e8me volet qui en constitue l\u2019aboutissement spirituel et musical. Interpr\u00e9t\u00e9 par le grand pianiste Fr\u00e9d\u00e9ric Vaysse-Knitter, ce programme explore les territoires les plus profonds de l\u2019\u00e2me humaine : la solitude, [&hellip;]\" \/>\n<meta property=\"og:site_name\" content=\"Harmon\u00eda y Duende\" \/>\n<meta property=\"article:published_time\" content=\"2026-03-23T12:04:47+00:00\" \/>\n<meta property=\"og:image\" content=\"https:\/\/harmoniayduende.com\/wp-content\/uploads\/2026\/03\/Affiche_26_06_11_Affiche_V2-scaled.jpg\" \/>\n\t<meta property=\"og:image:width\" content=\"1825\" \/>\n\t<meta property=\"og:image:height\" content=\"2560\" \/>\n\t<meta property=\"og:image:type\" content=\"image\/jpeg\" \/>\n<meta name=\"author\" content=\"Antoine Capdeville\" \/>\n<meta name=\"twitter:card\" content=\"summary_large_image\" \/>\n<meta name=\"twitter:label1\" content=\"\u00c9crit par\" \/>\n\t<meta name=\"twitter:data1\" content=\"Antoine Capdeville\" \/>\n\t<meta name=\"twitter:label2\" content=\"Dur\u00e9e de lecture estim\u00e9e\" \/>\n\t<meta name=\"twitter:data2\" content=\"2 minutes\" \/>\n<script type=\"application\/ld+json\" class=\"yoast-schema-graph\">{\"@context\":\"https:\/\/schema.org\",\"@graph\":[{\"@type\":\"WebPage\",\"@id\":\"https:\/\/harmoniayduende.com\/fr\/de-beethoven-a-leternite-iii-le-chant-de-linfini\/\",\"url\":\"https:\/\/harmoniayduende.com\/fr\/de-beethoven-a-leternite-iii-le-chant-de-linfini\/\",\"name\":\"De Beethoven \u00e0 l\u2019\u00c9ternit\u00e9 III \u2013 Le Chant de l\u2019Infini | Harmon\u00eda y Duende\",\"isPartOf\":{\"@id\":\"https:\/\/harmoniayduende.com\/fr\/#website\"},\"primaryImageOfPage\":{\"@id\":\"https:\/\/harmoniayduende.com\/fr\/de-beethoven-a-leternite-iii-le-chant-de-linfini\/#primaryimage\"},\"image\":{\"@id\":\"https:\/\/harmoniayduende.com\/fr\/de-beethoven-a-leternite-iii-le-chant-de-linfini\/#primaryimage\"},\"thumbnailUrl\":\"https:\/\/harmoniayduende.com\/wp-content\/uploads\/2026\/03\/Affiche_26_06_11_Affiche_V2-scaled.jpg\",\"datePublished\":\"2026-03-23T12:04:47+00:00\",\"author\":{\"@id\":\"https:\/\/harmoniayduende.com\/fr\/#\/schema\/person\/28d504d49dbf6e63c0df222f194df175\"},\"breadcrumb\":{\"@id\":\"https:\/\/harmoniayduende.com\/fr\/de-beethoven-a-leternite-iii-le-chant-de-linfini\/#breadcrumb\"},\"inLanguage\":\"fr-FR\",\"potentialAction\":[{\"@type\":\"ReadAction\",\"target\":[\"https:\/\/harmoniayduende.com\/fr\/de-beethoven-a-leternite-iii-le-chant-de-linfini\/\"]}]},{\"@type\":\"ImageObject\",\"inLanguage\":\"fr-FR\",\"@id\":\"https:\/\/harmoniayduende.com\/fr\/de-beethoven-a-leternite-iii-le-chant-de-linfini\/#primaryimage\",\"url\":\"https:\/\/harmoniayduende.com\/wp-content\/uploads\/2026\/03\/Affiche_26_06_11_Affiche_V2-scaled.jpg\",\"contentUrl\":\"https:\/\/harmoniayduende.com\/wp-content\/uploads\/2026\/03\/Affiche_26_06_11_Affiche_V2-scaled.jpg\",\"width\":1825,\"height\":2560},{\"@type\":\"BreadcrumbList\",\"@id\":\"https:\/\/harmoniayduende.com\/fr\/de-beethoven-a-leternite-iii-le-chant-de-linfini\/#breadcrumb\",\"itemListElement\":[{\"@type\":\"ListItem\",\"position\":1,\"name\":\"Home\",\"item\":\"https:\/\/harmoniayduende.com\/fr\/\"},{\"@type\":\"ListItem\",\"position\":2,\"name\":\"De Beethoven \u00e0 l\u2019\u00c9ternit\u00e9 III \u2013 Le Chant de l\u2019Infini\"}]},{\"@type\":\"WebSite\",\"@id\":\"https:\/\/harmoniayduende.com\/fr\/#website\",\"url\":\"https:\/\/harmoniayduende.com\/fr\/\",\"name\":\"Harmon\u00eda & Duende\",\"description\":\"Fundaci\u00f3n para promover el arte y la m\u00fasica\",\"potentialAction\":[{\"@type\":\"SearchAction\",\"target\":{\"@type\":\"EntryPoint\",\"urlTemplate\":\"https:\/\/harmoniayduende.com\/fr\/?s={search_term_string}\"},\"query-input\":{\"@type\":\"PropertyValueSpecification\",\"valueRequired\":true,\"valueName\":\"search_term_string\"}}],\"inLanguage\":\"fr-FR\"},{\"@type\":\"Person\",\"@id\":\"https:\/\/harmoniayduende.com\/fr\/#\/schema\/person\/28d504d49dbf6e63c0df222f194df175\",\"name\":\"Antoine Capdeville\",\"image\":{\"@type\":\"ImageObject\",\"inLanguage\":\"fr-FR\",\"@id\":\"https:\/\/harmoniayduende.com\/fr\/#\/schema\/person\/image\/\",\"url\":\"https:\/\/harmoniayduende.com\/wp-content\/litespeed\/avatar\/31438bcf8cf925a5b796657c46f47bb0.jpg?ver=1777338322\",\"contentUrl\":\"https:\/\/harmoniayduende.com\/wp-content\/litespeed\/avatar\/31438bcf8cf925a5b796657c46f47bb0.jpg?ver=1777338322\",\"caption\":\"Antoine Capdeville\"},\"url\":\"https:\/\/harmoniayduende.com\/fr\/author\/antoine\/\"}]}<\/script>\n<!-- \/ Yoast SEO Premium plugin. -->","yoast_head_json":{"title":"De Beethoven \u00e0 l\u2019\u00c9ternit\u00e9 III \u2013 Le Chant de l\u2019Infini | Harmon\u00eda y Duende","robots":{"index":"index","follow":"follow","max-snippet":"max-snippet:-1","max-image-preview":"max-image-preview:large","max-video-preview":"max-video-preview:-1"},"canonical":"https:\/\/harmoniayduende.com\/fr\/de-beethoven-a-leternite-iii-le-chant-de-linfini\/","og_locale":"fr_FR","og_type":"article","og_title":"De Beethoven \u00e0 l\u2019\u00c9ternit\u00e9 III \u2013 Le Chant de l\u2019Infini","og_description":"Apr\u00e8s deux r\u00e9citals salu\u00e9s par le public de la Salle Cortot, la Fondation Harmonia &amp; Duende conclut la trilogie De Beethoven \u00e0 l\u2019\u00c9ternit\u00e9 avec un troisi\u00e8me volet qui en constitue l\u2019aboutissement spirituel et musical. Interpr\u00e9t\u00e9 par le grand pianiste Fr\u00e9d\u00e9ric Vaysse-Knitter, ce programme explore les territoires les plus profonds de l\u2019\u00e2me humaine : la solitude, [&hellip;]","og_site_name":"Harmon\u00eda y Duende","article_published_time":"2026-03-23T12:04:47+00:00","og_image":[{"width":1825,"height":2560,"url":"https:\/\/harmoniayduende.com\/wp-content\/uploads\/2026\/03\/Affiche_26_06_11_Affiche_V2-scaled.jpg","type":"image\/jpeg"}],"author":"Antoine Capdeville","twitter_card":"summary_large_image","twitter_misc":{"\u00c9crit par":"Antoine Capdeville","Dur\u00e9e de lecture estim\u00e9e":"2 minutes"},"schema":{"@context":"https:\/\/schema.org","@graph":[{"@type":"WebPage","@id":"https:\/\/harmoniayduende.com\/fr\/de-beethoven-a-leternite-iii-le-chant-de-linfini\/","url":"https:\/\/harmoniayduende.com\/fr\/de-beethoven-a-leternite-iii-le-chant-de-linfini\/","name":"De Beethoven \u00e0 l\u2019\u00c9ternit\u00e9 III \u2013 Le Chant de l\u2019Infini | Harmon\u00eda y Duende","isPartOf":{"@id":"https:\/\/harmoniayduende.com\/fr\/#website"},"primaryImageOfPage":{"@id":"https:\/\/harmoniayduende.com\/fr\/de-beethoven-a-leternite-iii-le-chant-de-linfini\/#primaryimage"},"image":{"@id":"https:\/\/harmoniayduende.com\/fr\/de-beethoven-a-leternite-iii-le-chant-de-linfini\/#primaryimage"},"thumbnailUrl":"https:\/\/harmoniayduende.com\/wp-content\/uploads\/2026\/03\/Affiche_26_06_11_Affiche_V2-scaled.jpg","datePublished":"2026-03-23T12:04:47+00:00","author":{"@id":"https:\/\/harmoniayduende.com\/fr\/#\/schema\/person\/28d504d49dbf6e63c0df222f194df175"},"breadcrumb":{"@id":"https:\/\/harmoniayduende.com\/fr\/de-beethoven-a-leternite-iii-le-chant-de-linfini\/#breadcrumb"},"inLanguage":"fr-FR","potentialAction":[{"@type":"ReadAction","target":["https:\/\/harmoniayduende.com\/fr\/de-beethoven-a-leternite-iii-le-chant-de-linfini\/"]}]},{"@type":"ImageObject","inLanguage":"fr-FR","@id":"https:\/\/harmoniayduende.com\/fr\/de-beethoven-a-leternite-iii-le-chant-de-linfini\/#primaryimage","url":"https:\/\/harmoniayduende.com\/wp-content\/uploads\/2026\/03\/Affiche_26_06_11_Affiche_V2-scaled.jpg","contentUrl":"https:\/\/harmoniayduende.com\/wp-content\/uploads\/2026\/03\/Affiche_26_06_11_Affiche_V2-scaled.jpg","width":1825,"height":2560},{"@type":"BreadcrumbList","@id":"https:\/\/harmoniayduende.com\/fr\/de-beethoven-a-leternite-iii-le-chant-de-linfini\/#breadcrumb","itemListElement":[{"@type":"ListItem","position":1,"name":"Home","item":"https:\/\/harmoniayduende.com\/fr\/"},{"@type":"ListItem","position":2,"name":"De Beethoven \u00e0 l\u2019\u00c9ternit\u00e9 III \u2013 Le Chant de l\u2019Infini"}]},{"@type":"WebSite","@id":"https:\/\/harmoniayduende.com\/fr\/#website","url":"https:\/\/harmoniayduende.com\/fr\/","name":"Harmon\u00eda & Duende","description":"Fundaci\u00f3n para promover el arte y la m\u00fasica","potentialAction":[{"@type":"SearchAction","target":{"@type":"EntryPoint","urlTemplate":"https:\/\/harmoniayduende.com\/fr\/?s={search_term_string}"},"query-input":{"@type":"PropertyValueSpecification","valueRequired":true,"valueName":"search_term_string"}}],"inLanguage":"fr-FR"},{"@type":"Person","@id":"https:\/\/harmoniayduende.com\/fr\/#\/schema\/person\/28d504d49dbf6e63c0df222f194df175","name":"Antoine Capdeville","image":{"@type":"ImageObject","inLanguage":"fr-FR","@id":"https:\/\/harmoniayduende.com\/fr\/#\/schema\/person\/image\/","url":"https:\/\/harmoniayduende.com\/wp-content\/litespeed\/avatar\/31438bcf8cf925a5b796657c46f47bb0.jpg?ver=1777338322","contentUrl":"https:\/\/harmoniayduende.com\/wp-content\/litespeed\/avatar\/31438bcf8cf925a5b796657c46f47bb0.jpg?ver=1777338322","caption":"Antoine Capdeville"},"url":"https:\/\/harmoniayduende.com\/fr\/author\/antoine\/"}]}},"_links":{"self":[{"href":"https:\/\/harmoniayduende.com\/fr\/wp-json\/wp\/v2\/posts\/280498","targetHints":{"allow":["GET"]}}],"collection":[{"href":"https:\/\/harmoniayduende.com\/fr\/wp-json\/wp\/v2\/posts"}],"about":[{"href":"https:\/\/harmoniayduende.com\/fr\/wp-json\/wp\/v2\/types\/post"}],"author":[{"embeddable":true,"href":"https:\/\/harmoniayduende.com\/fr\/wp-json\/wp\/v2\/users\/2"}],"replies":[{"embeddable":true,"href":"https:\/\/harmoniayduende.com\/fr\/wp-json\/wp\/v2\/comments?post=280498"}],"version-history":[{"count":1,"href":"https:\/\/harmoniayduende.com\/fr\/wp-json\/wp\/v2\/posts\/280498\/revisions"}],"predecessor-version":[{"id":280501,"href":"https:\/\/harmoniayduende.com\/fr\/wp-json\/wp\/v2\/posts\/280498\/revisions\/280501"}],"wp:featuredmedia":[{"embeddable":true,"href":"https:\/\/harmoniayduende.com\/fr\/wp-json\/wp\/v2\/media\/280499"}],"wp:attachment":[{"href":"https:\/\/harmoniayduende.com\/fr\/wp-json\/wp\/v2\/media?parent=280498"}],"wp:term":[{"taxonomy":"category","embeddable":true,"href":"https:\/\/harmoniayduende.com\/fr\/wp-json\/wp\/v2\/categories?post=280498"},{"taxonomy":"post_tag","embeddable":true,"href":"https:\/\/harmoniayduende.com\/fr\/wp-json\/wp\/v2\/tags?post=280498"}],"curies":[{"name":"wp","href":"https:\/\/api.w.org\/{rel}","templated":true}]}}