{"id":280487,"date":"2025-06-12T14:09:21","date_gmt":"2025-06-12T12:09:21","guid":{"rendered":"https:\/\/harmoniayduende.com\/minue-flamenco-2\/"},"modified":"2025-07-02T10:38:45","modified_gmt":"2025-07-02T08:38:45","slug":"minue-flamenco","status":"publish","type":"post","link":"https:\/\/harmoniayduende.com\/fr\/minue-flamenco\/","title":{"rendered":"Minu\u00e9 Flamenco"},"content":{"rendered":"<p>L\u2019Espagne poss\u00e8de une tradition musicale nourrie par la coexistence de plusieurs peuples sur son territoire (huit si\u00e8cles de pr\u00e9sence arabe, les s\u00e9farades et les gitans venus d\u2019Orient), qui ont sem\u00e9 leurs traditions, leurs modes de vie et leur musique sur le sol de la p\u00e9ninsule Ib\u00e9rique. . Le flamenco, n\u00e9 de ce m\u00e9tissage, est donc implicitement pr\u00e9sent dans la musique classique espagnole.<\/p>\n<p>La bailaora Mari Paz Lucena, artiste de prestige et de rayonnement, et le guitariste et compositeur Carlos de Jacoba, artiste en qu\u00eate constante de son propre duende pour transcender les limites de son art, sont les protagonistes d\u2019un vibrant hommage aux compositeurs classiques qui ont su assimiler le langage et l\u2019esprit du flamenco pour lui donner une dimension universelle.<\/p>\n<p>Le r\u00e9sultat est une rencontre passionnante entre musique classique et flamenco, dans laquelle Mari Paz Lucena et Carlos de Jacoba s\u2019entourent du talent des pianistes Katia Krivokochenco et Fran\u00e7ois Gassion (tous deux membres du duo PAS DE DEUX, pianistes issus de formations prestigieuses et laur\u00e9ats de concours internationaux), ainsi que de la voix unique et du sens de l\u2019harmonie parfaite du chanteur de Motril, David de Jacoba.<\/p>\n<p>Parmi tous les compositeurs, Manuel de Falla m\u00e9rite, sans aucun doute, un chapitre \u00e0 part. Falla travaille sur un mat\u00e9riau andalou et flamenco, avec des r\u00e9f\u00e9rences aussi bien directes qu\u2019indirectes dans des \u0153uvres comme son op\u00e9ra La Vida Breve, ainsi que dans le Polo (pi\u00e8ces dont des extraits adapt\u00e9s pour piano, guitare, danse et chant seront interpr\u00e9t\u00e9s lors de ce concert), et dans le Pa\u00f1o moruno, issu des Sept chansons espagnoles (pi\u00e8ces pour piano \u00e9galement incluses dans le programme). <\/p>\n<p>Alb\u00e9niz, bien qu\u2019il ne soit pas andalou, fut un autre compositeur magistral qui a explor\u00e9 l\u2019univers sonore du flamenco, notamment dans sa musique pour piano. Ce concert permettra d\u2019entendre un c\u00e9l\u00e8bre extrait de la Suite espagnole, revisit\u00e9 dans un arrangement pour piano classique, danse et guitare flamenca. <\/p>\n<p>Minu\u00e9 flamenco nous r\u00e9serve d\u2019autres surprises qui seront autant de moments de pur plaisir acoustique et visuel, avec des pi\u00e8ces de flamenco, sole\u00e1, alegr\u00eda, martinete,\u2026 interpr\u00e9t\u00e9es dans la grande tradition du cante jondo port\u00e9e par Manuel de Falla.<\/p>\n<p>Ce concert enchantera un public avide de puret\u00e9, de tradition et d\u2019authenticit\u00e9.<\/p>\n<p><img loading=\"lazy\" decoding=\"async\" class=\"alignnone size-medium wp-image-100819\" src=\"https:\/\/harmoniayduende.com\/wp-content\/uploads\/2025\/05\/1_changee-251x300.jpg\" alt=\"\" width=\"251\" height=\"300\"> <img loading=\"lazy\" decoding=\"async\" class=\"alignnone size-medium wp-image-280397\" src=\"https:\/\/harmoniayduende.com\/wp-content\/uploads\/2025\/05\/eventos-harmonia-duende-300x124.jpg\" alt=\"Harmonia &amp; Duende\" width=\"300\" height=\"124\"> <img loading=\"lazy\" decoding=\"async\" class=\"alignnone size-medium wp-image-100814\" src=\"https:\/\/harmoniayduende.com\/wp-content\/uploads\/2024\/08\/156A8740-copia-300x268.jpg\" alt=\"\" width=\"300\" height=\"268\"> <img loading=\"lazy\" decoding=\"async\" class=\"alignnone size-medium wp-image-100824\" src=\"https:\/\/harmoniayduende.com\/wp-content\/uploads\/2025\/05\/156A0012-copia-300x174.jpg\" alt=\"\" width=\"300\" height=\"174\"><img loading=\"lazy\" decoding=\"async\" class=\"alignnone size-medium wp-image-280456\" src=\"https:\/\/harmoniayduende.com\/wp-content\/uploads\/2025\/06\/156A9317-copia-300x202.jpg\" alt=\"\" width=\"300\" height=\"202\"> <img loading=\"lazy\" decoding=\"async\" class=\"alignnone size-medium wp-image-280458\" src=\"https:\/\/harmoniayduende.com\/wp-content\/uploads\/2025\/06\/156A9676-copia-300x220.jpg\" alt=\"\" width=\"300\" height=\"220\"> <img loading=\"lazy\" decoding=\"async\" class=\"alignnone size-medium wp-image-280460\" src=\"https:\/\/harmoniayduende.com\/wp-content\/uploads\/2025\/06\/156A6879-copia-300x211.jpg\" alt=\"\" width=\"300\" height=\"211\"> <img loading=\"lazy\" decoding=\"async\" class=\"alignnone size-medium wp-image-280462\" src=\"https:\/\/harmoniayduende.com\/wp-content\/uploads\/2025\/06\/156A7837-copia-300x172.jpg\" alt=\"\" width=\"300\" height=\"172\"> <img loading=\"lazy\" decoding=\"async\" class=\"alignnone size-medium wp-image-280464\" src=\"https:\/\/harmoniayduende.com\/wp-content\/uploads\/2025\/06\/156A9196-copia-300x131.jpg\" alt=\"\" width=\"300\" height=\"131\"><\/p>\n<p><iframe loading=\"lazy\" title=\"Clasico Flamenco - Granada\" width=\"1080\" height=\"608\" src=\"https:\/\/www.youtube.com\/embed\/XuXAJoc1COc?feature=oembed\"  allow=\"accelerometer; autoplay; clipboard-write; encrypted-media; gyroscope; picture-in-picture; web-share\" referrerpolicy=\"strict-origin-when-cross-origin\" allowfullscreen><\/iframe><\/p>\n","protected":false},"excerpt":{"rendered":"<p>L\u2019Espagne poss\u00e8de une tradition musicale nourrie par la coexistence de plusieurs peuples sur son territoire (huit si\u00e8cles de pr\u00e9sence arabe, les s\u00e9farades et les gitans venus d\u2019Orient), qui ont sem\u00e9 leurs traditions, leurs modes de vie et leur musique sur le sol de la p\u00e9ninsule Ib\u00e9rique. . Le flamenco, n\u00e9 de ce m\u00e9tissage, est donc [&hellip;]<\/p>\n","protected":false},"author":2,"featured_media":280467,"comment_status":"closed","ping_status":"closed","sticky":false,"template":"","format":"standard","meta":{"_acf_changed":false,"_et_pb_use_builder":"","_et_pb_old_content":"","_et_gb_content_width":"","footnotes":""},"categories":[55],"tags":[],"class_list":["post-280487","post","type-post","status-publish","format-standard","has-post-thumbnail","hentry","category-non-classifiee"],"acf":[],"yoast_head":"<!-- This site is optimized with the Yoast SEO Premium plugin v24.9 (Yoast SEO v24.9) - https:\/\/yoast.com\/wordpress\/plugins\/seo\/ -->\n<title>Minu\u00e9 Flamenco | Harmon\u00eda y Duende<\/title>\n<meta name=\"robots\" content=\"index, follow, max-snippet:-1, max-image-preview:large, max-video-preview:-1\" \/>\n<link rel=\"canonical\" href=\"https:\/\/harmoniayduende.com\/fr\/minue-flamenco\/\" \/>\n<meta property=\"og:locale\" content=\"fr_FR\" \/>\n<meta property=\"og:type\" content=\"article\" \/>\n<meta property=\"og:title\" content=\"Minu\u00e9 Flamenco\" \/>\n<meta property=\"og:description\" content=\"L\u2019Espagne poss\u00e8de une tradition musicale nourrie par la coexistence de plusieurs peuples sur son territoire (huit si\u00e8cles de pr\u00e9sence arabe, les s\u00e9farades et les gitans venus d\u2019Orient), qui ont sem\u00e9 leurs traditions, leurs modes de vie et leur musique sur le sol de la p\u00e9ninsule Ib\u00e9rique. . Le flamenco, n\u00e9 de ce m\u00e9tissage, est donc [&hellip;]\" \/>\n<meta property=\"og:site_name\" content=\"Harmon\u00eda y Duende\" \/>\n<meta property=\"article:published_time\" content=\"2025-06-12T12:09:21+00:00\" \/>\n<meta property=\"article:modified_time\" content=\"2025-07-02T08:38:45+00:00\" \/>\n<meta property=\"og:image\" content=\"https:\/\/harmoniayduende.com\/wp-content\/uploads\/2025\/06\/Affiche.jpg\" \/>\n\t<meta property=\"og:image:width\" content=\"731\" \/>\n\t<meta property=\"og:image:height\" content=\"1024\" \/>\n\t<meta property=\"og:image:type\" content=\"image\/jpeg\" \/>\n<meta name=\"author\" content=\"Antoine Capdeville\" \/>\n<meta name=\"twitter:card\" content=\"summary_large_image\" \/>\n<meta name=\"twitter:label1\" content=\"\u00c9crit par\" \/>\n\t<meta name=\"twitter:data1\" content=\"Antoine Capdeville\" \/>\n\t<meta name=\"twitter:label2\" content=\"Dur\u00e9e de lecture estim\u00e9e\" \/>\n\t<meta name=\"twitter:data2\" content=\"2 minutes\" \/>\n<script type=\"application\/ld+json\" class=\"yoast-schema-graph\">{\"@context\":\"https:\/\/schema.org\",\"@graph\":[{\"@type\":\"WebPage\",\"@id\":\"https:\/\/harmoniayduende.com\/fr\/minue-flamenco\/\",\"url\":\"https:\/\/harmoniayduende.com\/fr\/minue-flamenco\/\",\"name\":\"Minu\u00e9 Flamenco | Harmon\u00eda y Duende\",\"isPartOf\":{\"@id\":\"https:\/\/harmoniayduende.com\/fr\/#website\"},\"primaryImageOfPage\":{\"@id\":\"https:\/\/harmoniayduende.com\/fr\/minue-flamenco\/#primaryimage\"},\"image\":{\"@id\":\"https:\/\/harmoniayduende.com\/fr\/minue-flamenco\/#primaryimage\"},\"thumbnailUrl\":\"https:\/\/harmoniayduende.com\/wp-content\/uploads\/2025\/06\/Affiche.jpg\",\"datePublished\":\"2025-06-12T12:09:21+00:00\",\"dateModified\":\"2025-07-02T08:38:45+00:00\",\"author\":{\"@id\":\"https:\/\/harmoniayduende.com\/fr\/#\/schema\/person\/28d504d49dbf6e63c0df222f194df175\"},\"breadcrumb\":{\"@id\":\"https:\/\/harmoniayduende.com\/fr\/minue-flamenco\/#breadcrumb\"},\"inLanguage\":\"fr-FR\",\"potentialAction\":[{\"@type\":\"ReadAction\",\"target\":[\"https:\/\/harmoniayduende.com\/fr\/minue-flamenco\/\"]}]},{\"@type\":\"ImageObject\",\"inLanguage\":\"fr-FR\",\"@id\":\"https:\/\/harmoniayduende.com\/fr\/minue-flamenco\/#primaryimage\",\"url\":\"https:\/\/harmoniayduende.com\/wp-content\/uploads\/2025\/06\/Affiche.jpg\",\"contentUrl\":\"https:\/\/harmoniayduende.com\/wp-content\/uploads\/2025\/06\/Affiche.jpg\",\"width\":731,\"height\":1024},{\"@type\":\"BreadcrumbList\",\"@id\":\"https:\/\/harmoniayduende.com\/fr\/minue-flamenco\/#breadcrumb\",\"itemListElement\":[{\"@type\":\"ListItem\",\"position\":1,\"name\":\"Home\",\"item\":\"https:\/\/harmoniayduende.com\/fr\/\"},{\"@type\":\"ListItem\",\"position\":2,\"name\":\"Minu\u00e9 Flamenco\"}]},{\"@type\":\"WebSite\",\"@id\":\"https:\/\/harmoniayduende.com\/fr\/#website\",\"url\":\"https:\/\/harmoniayduende.com\/fr\/\",\"name\":\"Harmon\u00eda & Duende\",\"description\":\"Fundaci\u00f3n para promover el arte y la m\u00fasica\",\"potentialAction\":[{\"@type\":\"SearchAction\",\"target\":{\"@type\":\"EntryPoint\",\"urlTemplate\":\"https:\/\/harmoniayduende.com\/fr\/?s={search_term_string}\"},\"query-input\":{\"@type\":\"PropertyValueSpecification\",\"valueRequired\":true,\"valueName\":\"search_term_string\"}}],\"inLanguage\":\"fr-FR\"},{\"@type\":\"Person\",\"@id\":\"https:\/\/harmoniayduende.com\/fr\/#\/schema\/person\/28d504d49dbf6e63c0df222f194df175\",\"name\":\"Antoine Capdeville\",\"image\":{\"@type\":\"ImageObject\",\"inLanguage\":\"fr-FR\",\"@id\":\"https:\/\/harmoniayduende.com\/fr\/#\/schema\/person\/image\/\",\"url\":\"https:\/\/harmoniayduende.com\/wp-content\/litespeed\/avatar\/31438bcf8cf925a5b796657c46f47bb0.jpg?ver=1777338322\",\"contentUrl\":\"https:\/\/harmoniayduende.com\/wp-content\/litespeed\/avatar\/31438bcf8cf925a5b796657c46f47bb0.jpg?ver=1777338322\",\"caption\":\"Antoine Capdeville\"},\"url\":\"https:\/\/harmoniayduende.com\/fr\/author\/antoine\/\"}]}<\/script>\n<!-- \/ Yoast SEO Premium plugin. -->","yoast_head_json":{"title":"Minu\u00e9 Flamenco | Harmon\u00eda y Duende","robots":{"index":"index","follow":"follow","max-snippet":"max-snippet:-1","max-image-preview":"max-image-preview:large","max-video-preview":"max-video-preview:-1"},"canonical":"https:\/\/harmoniayduende.com\/fr\/minue-flamenco\/","og_locale":"fr_FR","og_type":"article","og_title":"Minu\u00e9 Flamenco","og_description":"L\u2019Espagne poss\u00e8de une tradition musicale nourrie par la coexistence de plusieurs peuples sur son territoire (huit si\u00e8cles de pr\u00e9sence arabe, les s\u00e9farades et les gitans venus d\u2019Orient), qui ont sem\u00e9 leurs traditions, leurs modes de vie et leur musique sur le sol de la p\u00e9ninsule Ib\u00e9rique. . Le flamenco, n\u00e9 de ce m\u00e9tissage, est donc [&hellip;]","og_site_name":"Harmon\u00eda y Duende","article_published_time":"2025-06-12T12:09:21+00:00","article_modified_time":"2025-07-02T08:38:45+00:00","og_image":[{"width":731,"height":1024,"url":"https:\/\/harmoniayduende.com\/wp-content\/uploads\/2025\/06\/Affiche.jpg","type":"image\/jpeg"}],"author":"Antoine Capdeville","twitter_card":"summary_large_image","twitter_misc":{"\u00c9crit par":"Antoine Capdeville","Dur\u00e9e de lecture estim\u00e9e":"2 minutes"},"schema":{"@context":"https:\/\/schema.org","@graph":[{"@type":"WebPage","@id":"https:\/\/harmoniayduende.com\/fr\/minue-flamenco\/","url":"https:\/\/harmoniayduende.com\/fr\/minue-flamenco\/","name":"Minu\u00e9 Flamenco | Harmon\u00eda y Duende","isPartOf":{"@id":"https:\/\/harmoniayduende.com\/fr\/#website"},"primaryImageOfPage":{"@id":"https:\/\/harmoniayduende.com\/fr\/minue-flamenco\/#primaryimage"},"image":{"@id":"https:\/\/harmoniayduende.com\/fr\/minue-flamenco\/#primaryimage"},"thumbnailUrl":"https:\/\/harmoniayduende.com\/wp-content\/uploads\/2025\/06\/Affiche.jpg","datePublished":"2025-06-12T12:09:21+00:00","dateModified":"2025-07-02T08:38:45+00:00","author":{"@id":"https:\/\/harmoniayduende.com\/fr\/#\/schema\/person\/28d504d49dbf6e63c0df222f194df175"},"breadcrumb":{"@id":"https:\/\/harmoniayduende.com\/fr\/minue-flamenco\/#breadcrumb"},"inLanguage":"fr-FR","potentialAction":[{"@type":"ReadAction","target":["https:\/\/harmoniayduende.com\/fr\/minue-flamenco\/"]}]},{"@type":"ImageObject","inLanguage":"fr-FR","@id":"https:\/\/harmoniayduende.com\/fr\/minue-flamenco\/#primaryimage","url":"https:\/\/harmoniayduende.com\/wp-content\/uploads\/2025\/06\/Affiche.jpg","contentUrl":"https:\/\/harmoniayduende.com\/wp-content\/uploads\/2025\/06\/Affiche.jpg","width":731,"height":1024},{"@type":"BreadcrumbList","@id":"https:\/\/harmoniayduende.com\/fr\/minue-flamenco\/#breadcrumb","itemListElement":[{"@type":"ListItem","position":1,"name":"Home","item":"https:\/\/harmoniayduende.com\/fr\/"},{"@type":"ListItem","position":2,"name":"Minu\u00e9 Flamenco"}]},{"@type":"WebSite","@id":"https:\/\/harmoniayduende.com\/fr\/#website","url":"https:\/\/harmoniayduende.com\/fr\/","name":"Harmon\u00eda & Duende","description":"Fundaci\u00f3n para promover el arte y la m\u00fasica","potentialAction":[{"@type":"SearchAction","target":{"@type":"EntryPoint","urlTemplate":"https:\/\/harmoniayduende.com\/fr\/?s={search_term_string}"},"query-input":{"@type":"PropertyValueSpecification","valueRequired":true,"valueName":"search_term_string"}}],"inLanguage":"fr-FR"},{"@type":"Person","@id":"https:\/\/harmoniayduende.com\/fr\/#\/schema\/person\/28d504d49dbf6e63c0df222f194df175","name":"Antoine Capdeville","image":{"@type":"ImageObject","inLanguage":"fr-FR","@id":"https:\/\/harmoniayduende.com\/fr\/#\/schema\/person\/image\/","url":"https:\/\/harmoniayduende.com\/wp-content\/litespeed\/avatar\/31438bcf8cf925a5b796657c46f47bb0.jpg?ver=1777338322","contentUrl":"https:\/\/harmoniayduende.com\/wp-content\/litespeed\/avatar\/31438bcf8cf925a5b796657c46f47bb0.jpg?ver=1777338322","caption":"Antoine Capdeville"},"url":"https:\/\/harmoniayduende.com\/fr\/author\/antoine\/"}]}},"_links":{"self":[{"href":"https:\/\/harmoniayduende.com\/fr\/wp-json\/wp\/v2\/posts\/280487","targetHints":{"allow":["GET"]}}],"collection":[{"href":"https:\/\/harmoniayduende.com\/fr\/wp-json\/wp\/v2\/posts"}],"about":[{"href":"https:\/\/harmoniayduende.com\/fr\/wp-json\/wp\/v2\/types\/post"}],"author":[{"embeddable":true,"href":"https:\/\/harmoniayduende.com\/fr\/wp-json\/wp\/v2\/users\/2"}],"replies":[{"embeddable":true,"href":"https:\/\/harmoniayduende.com\/fr\/wp-json\/wp\/v2\/comments?post=280487"}],"version-history":[{"count":1,"href":"https:\/\/harmoniayduende.com\/fr\/wp-json\/wp\/v2\/posts\/280487\/revisions"}],"predecessor-version":[{"id":280488,"href":"https:\/\/harmoniayduende.com\/fr\/wp-json\/wp\/v2\/posts\/280487\/revisions\/280488"}],"wp:featuredmedia":[{"embeddable":true,"href":"https:\/\/harmoniayduende.com\/fr\/wp-json\/wp\/v2\/media\/280467"}],"wp:attachment":[{"href":"https:\/\/harmoniayduende.com\/fr\/wp-json\/wp\/v2\/media?parent=280487"}],"wp:term":[{"taxonomy":"category","embeddable":true,"href":"https:\/\/harmoniayduende.com\/fr\/wp-json\/wp\/v2\/categories?post=280487"},{"taxonomy":"post_tag","embeddable":true,"href":"https:\/\/harmoniayduende.com\/fr\/wp-json\/wp\/v2\/tags?post=280487"}],"curies":[{"name":"wp","href":"https:\/\/api.w.org\/{rel}","templated":true}]}}