{"id":100755,"date":"2025-04-02T17:43:53","date_gmt":"2025-04-02T15:43:53","guid":{"rendered":"https:\/\/harmoniayduende.com\/?p=100755"},"modified":"2025-06-13T10:31:28","modified_gmt":"2025-06-13T08:31:28","slug":"de-beethoven-a-leternite-ii-echos-a-la-nature","status":"publish","type":"post","link":"https:\/\/harmoniayduende.com\/fr\/de-beethoven-a-leternite-ii-echos-a-la-nature\/","title":{"rendered":"De Beethoven \u00e0 l\u2019\u00c9ternit\u00e9 II \u2013 \u00c9chos \u00e0 la Nature"},"content":{"rendered":"<p>Apr\u00e8s le succ\u00e8s du premier volet \u00ab\u00a0De Beethoven \u00e0 l\u2019\u00c9ternit\u00e9\u00a0\u00bb en 2024, concert qui a transport\u00e9 le public de la Salle Cortot dans un voyage pianistique inoubliable entre introspection et transcendance, la fondation Harmonia &amp; Duende est fi\u00e8re de pr\u00e9senter la suite de ce r\u00e9cital d\u2019exception. Toujours interpr\u00e9t\u00e9 par le grand pianiste Fr\u00e9d\u00e9ric Vaysse-Knitter, \u00ab\u00a0De Beethoven \u00e0 l\u2019\u00c9ternit\u00e9 II \u2013 \u00c9chos \u00e0 la Nature\u00a0\u00bb s\u2019inscrit dans la continuit\u00e9 de cette exploration musicale o\u00f9 la virtuosit\u00e9 et la profondeur artistique rencontrent l\u2019\u00e9l\u00e9vation spirituelle.<\/p>\n<p>Si le premier programme nous conviait \u00e0 une odyss\u00e9e int\u00e9rieure, \u00e0 travers les m\u00e9andres de l\u2019\u00e2me humaine et de la pens\u00e9e musicale, ce second opus c\u00e9l\u00e8bre cette fois la nature, source d\u2019inspiration infinie des plus grands compositeurs. Du grondement des \u00e9l\u00e9ments \u00e0 la douce m\u00e9lodie des ruisseaux, du myst\u00e8re des profondeurs marines \u00e0 l\u2019exaltation d\u2019un paysage alpestre, ce programme fait \u00e9cho \u00e0 la puissance et \u00e0 la majest\u00e9 de la nature transfigur\u00e9e par la musique.<\/p>\n<p><strong>Premi\u00e8re partie<\/strong><\/p>\n<ul>\n<li><strong>Ludwig van Beethoven \u2013 Sonate \u00ab\u00a0La Temp\u00eate\u00a0\u00bb Op. 31 n\u00b02<\/strong><\/li>\n<\/ul>\n<p>Fid\u00e8le \u00e0 son exploration de l\u2019\u00e2me humaine, Beethoven nous livre avec cette sonate une \u0153uvre d\u2019une intensit\u00e9 dramatique saisissante. Inspir\u00e9e, selon certains r\u00e9cits, par La Temp\u00eate de Shakespeare, cette pi\u00e8ce illustre la puissance incontr\u00f4lable des \u00e9l\u00e9ments \u00e0 travers des contrastes expressifs d\u2019une rare \u00e9loquence. De la tension initiale \u00e0 l\u2019apaisement final, Fr\u00e9d\u00e9ric Vaysse-Knitter nous en livrera une interpr\u00e9tation vibrante, r\u00e9v\u00e9lant toute la modernit\u00e9 et la profondeur de cette \u0153uvre intemporelle.<\/p>\n<ul>\n<li><strong>Franz Liszt \u2013 \u00ab\u00a0Vall\u00e9e d\u2019Obermann\u00a0\u00bb (extrait des Ann\u00e9es de p\u00e8lerinage)<\/strong><\/li>\n<\/ul>\n<p>Dans cette pi\u00e8ce d\u2019une intensit\u00e9 \u00e9motionnelle saisissante, Liszt exprime le sentiment d\u2019\u00e9merveillement et de vertige face \u00e0 la grandeur de la nature alpine. Inspir\u00e9e par le roman Obermann d\u2019\u00c9tienne Pivert de Senancour, cette \u0153uvre alterne m\u00e9lancolie et exaltation, refl\u00e9tant le dialogue int\u00e9rieur d\u2019un voyageur face \u00e0 l\u2019immensit\u00e9 du monde. L\u2019interpr\u00e9tation de Fr\u00e9d\u00e9ric Vaysse-Knitter nous plongera dans cette m\u00e9ditation existentielle d\u2019une force expressive incomparable.<\/p>\n<p><strong>Deuxi\u00e8me partie<\/strong><\/p>\n<ul>\n<li><strong>Claude Debussy \u2013 \u00ab\u00a0Reflets dans l\u2019eau\u00a0\u00bb (extrait des Images)<\/strong><\/li>\n<\/ul>\n<p>Debussy, ma\u00eetre des impressions fugitives et des jeux de lumi\u00e8re, nous offre avec cette pi\u00e8ce un tableau sonore d\u2019une beaut\u00e9 cristalline. Entre miroitements et ondulations aquatiques, Reflets dans l\u2019eau nous emporte dans un univers po\u00e9tique o\u00f9 le piano devient un v\u00e9ritable prisme sonore.<\/p>\n<ul>\n<li><strong>Claude Debussy \u2013 \u00ab\u00a0La Cath\u00e9drale engloutie\u00a0\u00bb (extrait des Pr\u00e9ludes)<\/strong><\/li>\n<\/ul>\n<p>Inspir\u00e9e par la l\u00e9gende bretonne de la cit\u00e9 d\u2019Ys, cette pi\u00e8ce d\u00e9peint la vision d\u2019une cath\u00e9drale mythique \u00e9mergeant lentement des flots avant de dispara\u00eetre \u00e0 nouveau dans les abysses. \u00c0 travers une palette sonore magistrale, Debussy \u00e9voque la grandeur mystique et le myst\u00e8re insondable de la mer.<\/p>\n<ul>\n<li><strong>Claude Debussy \u2013 \u00ab\u00a0L\u2019Isle joyeuse\u00a0\u00bb<\/strong><\/li>\n<\/ul>\n<p>Inspir\u00e9e par une peinture de Watteau, L\u2019Isle joyeuse est une explosion de lumi\u00e8re et d\u2019all\u00e9gresse. Tourbillon musical o\u00f9 chaque note semble danser dans un \u00e9clat de bonheur, cette pi\u00e8ce est une v\u00e9ritable c\u00e9l\u00e9bration de la vie et de l\u2019extase artistique.<\/p>\n<ul>\n<li><strong>Franz Liszt \u2013 \u00ab\u00a0Saint Fran\u00e7ois de Paule marchant sur les flots\u00a0\u00bb<\/strong><\/li>\n<\/ul>\n<p>En conclusion de ce r\u00e9cital, cette \u0153uvre de Liszt \u00e9voque le miracle de Saint Fran\u00e7ois de Paule traversant les eaux en pleine temp\u00eate. Liszt y d\u00e9ploie une \u00e9criture pianistique grandiose, \u00e9voquant tant\u00f4t la violence des flots, tant\u00f4t l\u2019\u00e9l\u00e9vation mystique du saint. Cette pi\u00e8ce, d\u2019une puissance et d\u2019une spiritualit\u00e9 rares, constituera une apoth\u00e9ose digne de ce r\u00e9cital inspir\u00e9 par la nature et ses r\u00e9sonances mystiques.<\/p>\n<p>Ce programme, pens\u00e9 comme un hommage aux forces naturelles et aux paysages int\u00e9rieurs qu\u2019elles suscitent, promet une exp\u00e9rience sensorielle et spirituelle hors du commun. Fr\u00e9d\u00e9ric Vaysse-Knitter nous invite \u00e0 une immersion musicale o\u00f9 la nature devient un miroir de l\u2019\u00e2me humaine, entre contemplation et exaltation.<\/p>\n<p>Un moment rare de po\u00e9sie et de virtuosit\u00e9 \u00e0 ne pas manquer !<\/p>\n<p><iframe loading=\"lazy\" title=\"Fr\u00e9d\u00e9ric Vaysse-Knitter : &quot;De Beethoven \u00e0 l\u2019\u00c9ternit\u00e9, Echos \u00e0 la nature&quot;\" width=\"1080\" height=\"608\" src=\"https:\/\/www.youtube.com\/embed\/k518iy17OCc?feature=oembed\"  allow=\"accelerometer; autoplay; clipboard-write; encrypted-media; gyroscope; picture-in-picture; web-share\" referrerpolicy=\"strict-origin-when-cross-origin\" allowfullscreen><\/iframe><\/p>\n","protected":false},"excerpt":{"rendered":"<p>Apr\u00e8s le succ\u00e8s du premier volet \u00ab\u00a0De Beethoven \u00e0 l\u2019\u00c9ternit\u00e9\u00a0\u00bb en 2024, concert qui a transport\u00e9 le public de la Salle Cortot dans un voyage pianistique inoubliable entre introspection et transcendance, la fondation Harmonia &amp; Duende est fi\u00e8re de pr\u00e9senter la suite de ce r\u00e9cital d\u2019exception. Toujours interpr\u00e9t\u00e9 par le grand pianiste Fr\u00e9d\u00e9ric Vaysse-Knitter, \u00ab\u00a0De [&hellip;]<\/p>\n","protected":false},"author":1,"featured_media":100756,"comment_status":"closed","ping_status":"closed","sticky":false,"template":"","format":"standard","meta":{"_acf_changed":false,"_et_pb_use_builder":"","_et_pb_old_content":"","_et_gb_content_width":"","footnotes":""},"categories":[55],"tags":[],"class_list":["post-100755","post","type-post","status-publish","format-standard","has-post-thumbnail","hentry","category-non-classifiee"],"acf":[],"yoast_head":"<!-- This site is optimized with the Yoast SEO Premium plugin v24.9 (Yoast SEO v24.9) - https:\/\/yoast.com\/wordpress\/plugins\/seo\/ -->\n<title>De Beethoven \u00e0 l\u2019\u00c9ternit\u00e9 II \u2013 \u00c9chos \u00e0 la Nature | Harmon\u00eda y Duende<\/title>\n<meta name=\"robots\" content=\"index, follow, max-snippet:-1, max-image-preview:large, max-video-preview:-1\" \/>\n<link rel=\"canonical\" href=\"https:\/\/harmoniayduende.com\/fr\/de-beethoven-a-leternite-ii-echos-a-la-nature\/\" \/>\n<meta property=\"og:locale\" content=\"fr_FR\" \/>\n<meta property=\"og:type\" content=\"article\" \/>\n<meta property=\"og:title\" content=\"De Beethoven \u00e0 l\u2019\u00c9ternit\u00e9 II \u2013 \u00c9chos \u00e0 la Nature\" \/>\n<meta property=\"og:description\" content=\"Apr\u00e8s le succ\u00e8s du premier volet \u00ab\u00a0De Beethoven \u00e0 l\u2019\u00c9ternit\u00e9\u00a0\u00bb en 2024, concert qui a transport\u00e9 le public de la Salle Cortot dans un voyage pianistique inoubliable entre introspection et transcendance, la fondation Harmonia &amp; Duende est fi\u00e8re de pr\u00e9senter la suite de ce r\u00e9cital d\u2019exception. Toujours interpr\u00e9t\u00e9 par le grand pianiste Fr\u00e9d\u00e9ric Vaysse-Knitter, \u00ab\u00a0De [&hellip;]\" \/>\n<meta property=\"og:site_name\" content=\"Harmon\u00eda y Duende\" \/>\n<meta property=\"article:published_time\" content=\"2025-04-02T15:43:53+00:00\" \/>\n<meta property=\"article:modified_time\" content=\"2025-06-13T08:31:28+00:00\" \/>\n<meta property=\"og:image\" content=\"https:\/\/harmoniayduende.com\/wp-content\/uploads\/2025\/04\/De-Beethoven-a-l-Eternite-II-Echos-a-la-Nature.jpg\" \/>\n\t<meta property=\"og:image:width\" content=\"1000\" \/>\n\t<meta property=\"og:image:height\" content=\"1415\" \/>\n\t<meta property=\"og:image:type\" content=\"image\/jpeg\" \/>\n<meta name=\"author\" content=\"welow_harmonia\" \/>\n<meta name=\"twitter:card\" content=\"summary_large_image\" \/>\n<meta name=\"twitter:label1\" content=\"\u00c9crit par\" \/>\n\t<meta name=\"twitter:data1\" content=\"welow_harmonia\" \/>\n\t<meta name=\"twitter:label2\" content=\"Dur\u00e9e de lecture estim\u00e9e\" \/>\n\t<meta name=\"twitter:data2\" content=\"3 minutes\" \/>\n<script type=\"application\/ld+json\" class=\"yoast-schema-graph\">{\"@context\":\"https:\/\/schema.org\",\"@graph\":[{\"@type\":\"WebPage\",\"@id\":\"https:\/\/harmoniayduende.com\/fr\/de-beethoven-a-leternite-ii-echos-a-la-nature\/\",\"url\":\"https:\/\/harmoniayduende.com\/fr\/de-beethoven-a-leternite-ii-echos-a-la-nature\/\",\"name\":\"De Beethoven \u00e0 l\u2019\u00c9ternit\u00e9 II \u2013 \u00c9chos \u00e0 la Nature | Harmon\u00eda y Duende\",\"isPartOf\":{\"@id\":\"https:\/\/harmoniayduende.com\/fr\/#website\"},\"primaryImageOfPage\":{\"@id\":\"https:\/\/harmoniayduende.com\/fr\/de-beethoven-a-leternite-ii-echos-a-la-nature\/#primaryimage\"},\"image\":{\"@id\":\"https:\/\/harmoniayduende.com\/fr\/de-beethoven-a-leternite-ii-echos-a-la-nature\/#primaryimage\"},\"thumbnailUrl\":\"https:\/\/harmoniayduende.com\/wp-content\/uploads\/2025\/04\/De-Beethoven-a-l-Eternite-II-Echos-a-la-Nature.jpg\",\"datePublished\":\"2025-04-02T15:43:53+00:00\",\"dateModified\":\"2025-06-13T08:31:28+00:00\",\"author\":{\"@id\":\"https:\/\/harmoniayduende.com\/fr\/#\/schema\/person\/ca27cff19d798fd220a4a68184d88748\"},\"breadcrumb\":{\"@id\":\"https:\/\/harmoniayduende.com\/fr\/de-beethoven-a-leternite-ii-echos-a-la-nature\/#breadcrumb\"},\"inLanguage\":\"fr-FR\",\"potentialAction\":[{\"@type\":\"ReadAction\",\"target\":[\"https:\/\/harmoniayduende.com\/fr\/de-beethoven-a-leternite-ii-echos-a-la-nature\/\"]}]},{\"@type\":\"ImageObject\",\"inLanguage\":\"fr-FR\",\"@id\":\"https:\/\/harmoniayduende.com\/fr\/de-beethoven-a-leternite-ii-echos-a-la-nature\/#primaryimage\",\"url\":\"https:\/\/harmoniayduende.com\/wp-content\/uploads\/2025\/04\/De-Beethoven-a-l-Eternite-II-Echos-a-la-Nature.jpg\",\"contentUrl\":\"https:\/\/harmoniayduende.com\/wp-content\/uploads\/2025\/04\/De-Beethoven-a-l-Eternite-II-Echos-a-la-Nature.jpg\",\"width\":1000,\"height\":1415,\"caption\":\"De Beethoven \u00e0 l\u2019\u00c9ternit\u00e9 II \u2013 \u00c9chos \u00e0 la Nature\"},{\"@type\":\"BreadcrumbList\",\"@id\":\"https:\/\/harmoniayduende.com\/fr\/de-beethoven-a-leternite-ii-echos-a-la-nature\/#breadcrumb\",\"itemListElement\":[{\"@type\":\"ListItem\",\"position\":1,\"name\":\"Home\",\"item\":\"https:\/\/harmoniayduende.com\/fr\/\"},{\"@type\":\"ListItem\",\"position\":2,\"name\":\"De Beethoven \u00e0 l\u2019\u00c9ternit\u00e9 II \u2013 \u00c9chos \u00e0 la Nature\"}]},{\"@type\":\"WebSite\",\"@id\":\"https:\/\/harmoniayduende.com\/fr\/#website\",\"url\":\"https:\/\/harmoniayduende.com\/fr\/\",\"name\":\"Harmon\u00eda & Duende\",\"description\":\"Fundaci\u00f3n para promover el arte y la m\u00fasica\",\"potentialAction\":[{\"@type\":\"SearchAction\",\"target\":{\"@type\":\"EntryPoint\",\"urlTemplate\":\"https:\/\/harmoniayduende.com\/fr\/?s={search_term_string}\"},\"query-input\":{\"@type\":\"PropertyValueSpecification\",\"valueRequired\":true,\"valueName\":\"search_term_string\"}}],\"inLanguage\":\"fr-FR\"},{\"@type\":\"Person\",\"@id\":\"https:\/\/harmoniayduende.com\/fr\/#\/schema\/person\/ca27cff19d798fd220a4a68184d88748\",\"name\":\"welow_harmonia\",\"image\":{\"@type\":\"ImageObject\",\"inLanguage\":\"fr-FR\",\"@id\":\"https:\/\/harmoniayduende.com\/fr\/#\/schema\/person\/image\/\",\"url\":\"https:\/\/harmoniayduende.com\/wp-content\/litespeed\/avatar\/f478a9e594a4711b000a9a10ab33a61c.jpg?ver=1777103591\",\"contentUrl\":\"https:\/\/harmoniayduende.com\/wp-content\/litespeed\/avatar\/f478a9e594a4711b000a9a10ab33a61c.jpg?ver=1777103591\",\"caption\":\"welow_harmonia\"},\"sameAs\":[\"https:\/\/harmoniayduende.com\"],\"url\":\"https:\/\/harmoniayduende.com\/fr\/author\/welow_harmonia\/\"}]}<\/script>\n<!-- \/ Yoast SEO Premium plugin. -->","yoast_head_json":{"title":"De Beethoven \u00e0 l\u2019\u00c9ternit\u00e9 II \u2013 \u00c9chos \u00e0 la Nature | Harmon\u00eda y Duende","robots":{"index":"index","follow":"follow","max-snippet":"max-snippet:-1","max-image-preview":"max-image-preview:large","max-video-preview":"max-video-preview:-1"},"canonical":"https:\/\/harmoniayduende.com\/fr\/de-beethoven-a-leternite-ii-echos-a-la-nature\/","og_locale":"fr_FR","og_type":"article","og_title":"De Beethoven \u00e0 l\u2019\u00c9ternit\u00e9 II \u2013 \u00c9chos \u00e0 la Nature","og_description":"Apr\u00e8s le succ\u00e8s du premier volet \u00ab\u00a0De Beethoven \u00e0 l\u2019\u00c9ternit\u00e9\u00a0\u00bb en 2024, concert qui a transport\u00e9 le public de la Salle Cortot dans un voyage pianistique inoubliable entre introspection et transcendance, la fondation Harmonia &amp; Duende est fi\u00e8re de pr\u00e9senter la suite de ce r\u00e9cital d\u2019exception. Toujours interpr\u00e9t\u00e9 par le grand pianiste Fr\u00e9d\u00e9ric Vaysse-Knitter, \u00ab\u00a0De [&hellip;]","og_site_name":"Harmon\u00eda y Duende","article_published_time":"2025-04-02T15:43:53+00:00","article_modified_time":"2025-06-13T08:31:28+00:00","og_image":[{"width":1000,"height":1415,"url":"https:\/\/harmoniayduende.com\/wp-content\/uploads\/2025\/04\/De-Beethoven-a-l-Eternite-II-Echos-a-la-Nature.jpg","type":"image\/jpeg"}],"author":"welow_harmonia","twitter_card":"summary_large_image","twitter_misc":{"\u00c9crit par":"welow_harmonia","Dur\u00e9e de lecture estim\u00e9e":"3 minutes"},"schema":{"@context":"https:\/\/schema.org","@graph":[{"@type":"WebPage","@id":"https:\/\/harmoniayduende.com\/fr\/de-beethoven-a-leternite-ii-echos-a-la-nature\/","url":"https:\/\/harmoniayduende.com\/fr\/de-beethoven-a-leternite-ii-echos-a-la-nature\/","name":"De Beethoven \u00e0 l\u2019\u00c9ternit\u00e9 II \u2013 \u00c9chos \u00e0 la Nature | Harmon\u00eda y Duende","isPartOf":{"@id":"https:\/\/harmoniayduende.com\/fr\/#website"},"primaryImageOfPage":{"@id":"https:\/\/harmoniayduende.com\/fr\/de-beethoven-a-leternite-ii-echos-a-la-nature\/#primaryimage"},"image":{"@id":"https:\/\/harmoniayduende.com\/fr\/de-beethoven-a-leternite-ii-echos-a-la-nature\/#primaryimage"},"thumbnailUrl":"https:\/\/harmoniayduende.com\/wp-content\/uploads\/2025\/04\/De-Beethoven-a-l-Eternite-II-Echos-a-la-Nature.jpg","datePublished":"2025-04-02T15:43:53+00:00","dateModified":"2025-06-13T08:31:28+00:00","author":{"@id":"https:\/\/harmoniayduende.com\/fr\/#\/schema\/person\/ca27cff19d798fd220a4a68184d88748"},"breadcrumb":{"@id":"https:\/\/harmoniayduende.com\/fr\/de-beethoven-a-leternite-ii-echos-a-la-nature\/#breadcrumb"},"inLanguage":"fr-FR","potentialAction":[{"@type":"ReadAction","target":["https:\/\/harmoniayduende.com\/fr\/de-beethoven-a-leternite-ii-echos-a-la-nature\/"]}]},{"@type":"ImageObject","inLanguage":"fr-FR","@id":"https:\/\/harmoniayduende.com\/fr\/de-beethoven-a-leternite-ii-echos-a-la-nature\/#primaryimage","url":"https:\/\/harmoniayduende.com\/wp-content\/uploads\/2025\/04\/De-Beethoven-a-l-Eternite-II-Echos-a-la-Nature.jpg","contentUrl":"https:\/\/harmoniayduende.com\/wp-content\/uploads\/2025\/04\/De-Beethoven-a-l-Eternite-II-Echos-a-la-Nature.jpg","width":1000,"height":1415,"caption":"De Beethoven \u00e0 l\u2019\u00c9ternit\u00e9 II \u2013 \u00c9chos \u00e0 la Nature"},{"@type":"BreadcrumbList","@id":"https:\/\/harmoniayduende.com\/fr\/de-beethoven-a-leternite-ii-echos-a-la-nature\/#breadcrumb","itemListElement":[{"@type":"ListItem","position":1,"name":"Home","item":"https:\/\/harmoniayduende.com\/fr\/"},{"@type":"ListItem","position":2,"name":"De Beethoven \u00e0 l\u2019\u00c9ternit\u00e9 II \u2013 \u00c9chos \u00e0 la Nature"}]},{"@type":"WebSite","@id":"https:\/\/harmoniayduende.com\/fr\/#website","url":"https:\/\/harmoniayduende.com\/fr\/","name":"Harmon\u00eda & Duende","description":"Fundaci\u00f3n para promover el arte y la m\u00fasica","potentialAction":[{"@type":"SearchAction","target":{"@type":"EntryPoint","urlTemplate":"https:\/\/harmoniayduende.com\/fr\/?s={search_term_string}"},"query-input":{"@type":"PropertyValueSpecification","valueRequired":true,"valueName":"search_term_string"}}],"inLanguage":"fr-FR"},{"@type":"Person","@id":"https:\/\/harmoniayduende.com\/fr\/#\/schema\/person\/ca27cff19d798fd220a4a68184d88748","name":"welow_harmonia","image":{"@type":"ImageObject","inLanguage":"fr-FR","@id":"https:\/\/harmoniayduende.com\/fr\/#\/schema\/person\/image\/","url":"https:\/\/harmoniayduende.com\/wp-content\/litespeed\/avatar\/f478a9e594a4711b000a9a10ab33a61c.jpg?ver=1777103591","contentUrl":"https:\/\/harmoniayduende.com\/wp-content\/litespeed\/avatar\/f478a9e594a4711b000a9a10ab33a61c.jpg?ver=1777103591","caption":"welow_harmonia"},"sameAs":["https:\/\/harmoniayduende.com"],"url":"https:\/\/harmoniayduende.com\/fr\/author\/welow_harmonia\/"}]}},"_links":{"self":[{"href":"https:\/\/harmoniayduende.com\/fr\/wp-json\/wp\/v2\/posts\/100755","targetHints":{"allow":["GET"]}}],"collection":[{"href":"https:\/\/harmoniayduende.com\/fr\/wp-json\/wp\/v2\/posts"}],"about":[{"href":"https:\/\/harmoniayduende.com\/fr\/wp-json\/wp\/v2\/types\/post"}],"author":[{"embeddable":true,"href":"https:\/\/harmoniayduende.com\/fr\/wp-json\/wp\/v2\/users\/1"}],"replies":[{"embeddable":true,"href":"https:\/\/harmoniayduende.com\/fr\/wp-json\/wp\/v2\/comments?post=100755"}],"version-history":[{"count":5,"href":"https:\/\/harmoniayduende.com\/fr\/wp-json\/wp\/v2\/posts\/100755\/revisions"}],"predecessor-version":[{"id":280476,"href":"https:\/\/harmoniayduende.com\/fr\/wp-json\/wp\/v2\/posts\/100755\/revisions\/280476"}],"wp:featuredmedia":[{"embeddable":true,"href":"https:\/\/harmoniayduende.com\/fr\/wp-json\/wp\/v2\/media\/100756"}],"wp:attachment":[{"href":"https:\/\/harmoniayduende.com\/fr\/wp-json\/wp\/v2\/media?parent=100755"}],"wp:term":[{"taxonomy":"category","embeddable":true,"href":"https:\/\/harmoniayduende.com\/fr\/wp-json\/wp\/v2\/categories?post=100755"},{"taxonomy":"post_tag","embeddable":true,"href":"https:\/\/harmoniayduende.com\/fr\/wp-json\/wp\/v2\/tags?post=100755"}],"curies":[{"name":"wp","href":"https:\/\/api.w.org\/{rel}","templated":true}]}}